{"id":18703,"date":"2025-09-10T10:37:19","date_gmt":"2025-09-10T08:37:19","guid":{"rendered":"https:\/\/www.chespa.eu\/?p=18703"},"modified":"2025-09-10T10:37:19","modified_gmt":"2025-09-10T08:37:19","slug":"labelexpo-europe-2025-barcelona","status":"publish","type":"post","link":"https:\/\/www.chespa.eu\/ro\/2025\/09\/10\/labelexpo-europe-2025-barcelona\/","title":{"rendered":"LabelExpo Europe 2025 \u2013 Barcelona"},"content":{"rendered":"<p><a href=\"https:\/\/www.chespa.eu\/wp-content\/uploads\/2025\/09\/LE25.png\" rel=\"lightbox[18703]\"><img loading=\"lazy\" decoding=\"async\" class=\"alignnone size-medium wp-image-18684\" src=\"https:\/\/www.chespa.eu\/wp-content\/uploads\/2025\/09\/LE25-300x34.png\" alt=\"\" width=\"300\" height=\"34\" srcset=\"https:\/\/www.chespa.eu\/wp-content\/uploads\/2025\/09\/LE25-300x34.png 300w, https:\/\/www.chespa.eu\/wp-content\/uploads\/2025\/09\/LE25.png 731w\" sizes=\"auto, (max-width: 300px) 100vw, 300px\" \/><\/a><\/p>\n<p data-start=\"116\" data-end=\"146\">Stimate Doamne, Stima\u021bi Domni,<\/p>\n<p data-start=\"148\" data-end=\"329\">Avem pl\u0103cerea de a v\u0103 informa c\u0103 compania noastr\u0103 va participa la <strong data-start=\"214\" data-end=\"239\">LabelExpo Europe 2025<\/strong>, care va avea loc \u00een perioada <strong data-start=\"270\" data-end=\"295\">16\u201319 septembrie 2025<\/strong>, la <strong data-start=\"300\" data-end=\"328\">Fira Barcelona, Gran Via<\/strong>.<\/p>\n<p data-start=\"331\" data-end=\"513\">V\u0103 invit\u0103m cu c\u0103ldur\u0103 s\u0103 vizita\u021bi <strong data-start=\"365\" data-end=\"392\">standul nostru nr. 4A04<\/strong>, unde vom prezenta cele mai noi solu\u021bii, tehnologii \u0219i oferte de produse dedicate industriei etichetelor \u0219i ambalajelor.<\/p>\n<p data-start=\"515\" data-end=\"655\">Este o oportunitate excelent\u0103 de a ne \u00eent\u00e2lni echipa, de a descoperi inova\u021biile noastre \u0219i de a stabili sau consolida colabor\u0103ri de afaceri.<\/p>\n<p data-start=\"657\" data-end=\"741\">\ud83d\udccd <strong data-start=\"660\" data-end=\"676\">Standul 4A04<\/strong><br data-start=\"676\" data-end=\"679\" \/>\ud83d\udcc5 <strong data-start=\"682\" data-end=\"707\">16\u201319 septembrie 2025<\/strong><br data-start=\"707\" data-end=\"710\" \/>\ud83d\udccc <strong data-start=\"713\" data-end=\"741\">Fira Barcelona, Gran Via<\/strong><\/p>\n<p data-start=\"743\" data-end=\"790\">A\u0219tept\u0103m cu ner\u0103bdare s\u0103 ne vedem la Barcelona!<\/p>\n","protected":false},"excerpt":{"rendered":"<p>Stimate Doamne, Stima\u021bi Domni, Avem pl\u0103cerea de a v\u0103 informa c\u0103 compania noastr\u0103 va participa la LabelExpo Europe 2025, care va avea loc \u00een perioada 16\u201319 septembrie 2025, la Fira Barcelona, Gran Via. V\u0103 invit\u0103m cu c\u0103ldur\u0103 s\u0103 vizita\u021bi standul nostru nr. 4A04, unde vom prezenta cele mai noi solu\u021bii, tehnologii \u0219i oferte de produse [&hellip;]<\/p>\n","protected":false},"author":5,"featured_media":0,"comment_status":"closed","ping_status":"closed","sticky":false,"template":"","format":"standard","meta":{"_acf_changed":false,"footnotes":""},"categories":[20],"tags":[],"class_list":["post-18703","post","type-post","status-publish","format-standard","hentry","category-aktualnosci-ro"],"acf":[],"yoast_head":"<!-- This site is optimized with the Yoast SEO plugin v27.5 - https:\/\/yoast.com\/product\/yoast-seo-wordpress\/ -->\n<title>LabelExpo Europe 2025 \u2013 Barcelona - Chespa - printing inks, clichees, cutting dies<\/title>\n<meta name=\"robots\" content=\"index, follow, max-snippet:-1, max-image-preview:large, max-video-preview:-1\" \/>\n<link rel=\"canonical\" href=\"https:\/\/www.chespa.eu\/ro\/2025\/09\/10\/labelexpo-europe-2025-barcelona\/\" \/>\n<meta property=\"og:locale\" content=\"ro_RO\" \/>\n<meta property=\"og:type\" content=\"article\" \/>\n<meta property=\"og:title\" content=\"LabelExpo Europe 2025 \u2013 Barcelona - Chespa - printing inks, clichees, cutting dies\" \/>\n<meta property=\"og:description\" content=\"Stimate Doamne, Stima\u021bi Domni, Avem pl\u0103cerea de a v\u0103 informa c\u0103 compania noastr\u0103 va participa la LabelExpo Europe 2025, care va avea loc \u00een perioada 16\u201319 septembrie 2025, la Fira Barcelona, Gran Via. V\u0103 invit\u0103m cu c\u0103ldur\u0103 s\u0103 vizita\u021bi standul nostru nr. 4A04, unde vom prezenta cele mai noi solu\u021bii, tehnologii \u0219i oferte de produse [&hellip;]\" \/>\n<meta property=\"og:url\" content=\"https:\/\/www.chespa.eu\/ro\/2025\/09\/10\/labelexpo-europe-2025-barcelona\/\" \/>\n<meta property=\"og:site_name\" content=\"Chespa - printing inks, clichees, cutting dies\" \/>\n<meta property=\"article:published_time\" content=\"2025-09-10T08:37:19+00:00\" \/>\n<meta property=\"og:image\" content=\"https:\/\/www.chespa.eu\/wp-content\/uploads\/2025\/09\/LE25.png\" \/>\n\t<meta property=\"og:image:width\" content=\"731\" \/>\n\t<meta property=\"og:image:height\" content=\"82\" \/>\n\t<meta property=\"og:image:type\" content=\"image\/png\" \/>\n<meta name=\"author\" content=\"Krystyna Pudelko\" \/>\n<meta name=\"twitter:card\" content=\"summary_large_image\" \/>\n<meta name=\"twitter:label1\" content=\"Written by\" \/>\n\t<meta name=\"twitter:data1\" content=\"Krystyna Pudelko\" \/>\n\t<meta name=\"twitter:label2\" content=\"Est. reading time\" \/>\n\t<meta name=\"twitter:data2\" content=\"1 minute\" \/>\n<script type=\"application\/ld+json\" class=\"yoast-schema-graph\">{\"@context\":\"https:\\\/\\\/schema.org\",\"@graph\":[{\"@type\":\"Article\",\"@id\":\"https:\\\/\\\/www.chespa.eu\\\/ro\\\/2025\\\/09\\\/10\\\/labelexpo-europe-2025-barcelona\\\/#article\",\"isPartOf\":{\"@id\":\"https:\\\/\\\/www.chespa.eu\\\/ro\\\/2025\\\/09\\\/10\\\/labelexpo-europe-2025-barcelona\\\/\"},\"author\":{\"name\":\"Krystyna Pudelko\",\"@id\":\"https:\\\/\\\/www.chespa.eu\\\/#\\\/schema\\\/person\\\/69d79e295412cd5d6b526e8ffb603106\"},\"headline\":\"LabelExpo Europe 2025 \u2013 Barcelona\",\"datePublished\":\"2025-09-10T08:37:19+00:00\",\"mainEntityOfPage\":{\"@id\":\"https:\\\/\\\/www.chespa.eu\\\/ro\\\/2025\\\/09\\\/10\\\/labelexpo-europe-2025-barcelona\\\/\"},\"wordCount\":110,\"image\":{\"@id\":\"https:\\\/\\\/www.chespa.eu\\\/ro\\\/2025\\\/09\\\/10\\\/labelexpo-europe-2025-barcelona\\\/#primaryimage\"},\"thumbnailUrl\":\"https:\\\/\\\/www.chespa.eu\\\/wp-content\\\/uploads\\\/2025\\\/09\\\/LE25-300x34.png\",\"articleSection\":[\"Aktualno\u015bci\"],\"inLanguage\":\"ro-RO\"},{\"@type\":\"WebPage\",\"@id\":\"https:\\\/\\\/www.chespa.eu\\\/ro\\\/2025\\\/09\\\/10\\\/labelexpo-europe-2025-barcelona\\\/\",\"url\":\"https:\\\/\\\/www.chespa.eu\\\/ro\\\/2025\\\/09\\\/10\\\/labelexpo-europe-2025-barcelona\\\/\",\"name\":\"LabelExpo Europe 2025 \u2013 Barcelona - Chespa - printing inks, clichees, cutting dies\",\"isPartOf\":{\"@id\":\"https:\\\/\\\/www.chespa.eu\\\/#website\"},\"primaryImageOfPage\":{\"@id\":\"https:\\\/\\\/www.chespa.eu\\\/ro\\\/2025\\\/09\\\/10\\\/labelexpo-europe-2025-barcelona\\\/#primaryimage\"},\"image\":{\"@id\":\"https:\\\/\\\/www.chespa.eu\\\/ro\\\/2025\\\/09\\\/10\\\/labelexpo-europe-2025-barcelona\\\/#primaryimage\"},\"thumbnailUrl\":\"https:\\\/\\\/www.chespa.eu\\\/wp-content\\\/uploads\\\/2025\\\/09\\\/LE25-300x34.png\",\"datePublished\":\"2025-09-10T08:37:19+00:00\",\"author\":{\"@id\":\"https:\\\/\\\/www.chespa.eu\\\/#\\\/schema\\\/person\\\/69d79e295412cd5d6b526e8ffb603106\"},\"breadcrumb\":{\"@id\":\"https:\\\/\\\/www.chespa.eu\\\/ro\\\/2025\\\/09\\\/10\\\/labelexpo-europe-2025-barcelona\\\/#breadcrumb\"},\"inLanguage\":\"ro-RO\",\"potentialAction\":[{\"@type\":\"ReadAction\",\"target\":[\"https:\\\/\\\/www.chespa.eu\\\/ro\\\/2025\\\/09\\\/10\\\/labelexpo-europe-2025-barcelona\\\/\"]}]},{\"@type\":\"ImageObject\",\"inLanguage\":\"ro-RO\",\"@id\":\"https:\\\/\\\/www.chespa.eu\\\/ro\\\/2025\\\/09\\\/10\\\/labelexpo-europe-2025-barcelona\\\/#primaryimage\",\"url\":\"https:\\\/\\\/www.chespa.eu\\\/wp-content\\\/uploads\\\/2025\\\/09\\\/LE25-300x34.png\",\"contentUrl\":\"https:\\\/\\\/www.chespa.eu\\\/wp-content\\\/uploads\\\/2025\\\/09\\\/LE25-300x34.png\"},{\"@type\":\"BreadcrumbList\",\"@id\":\"https:\\\/\\\/www.chespa.eu\\\/ro\\\/2025\\\/09\\\/10\\\/labelexpo-europe-2025-barcelona\\\/#breadcrumb\",\"itemListElement\":[{\"@type\":\"ListItem\",\"position\":1,\"name\":\"Strona g\u0142\u00f3wna\",\"item\":\"https:\\\/\\\/www.chespa.eu\\\/\"},{\"@type\":\"ListItem\",\"position\":2,\"name\":\"LabelExpo Europe 2025 \u2013 Barcelona\"}]},{\"@type\":\"WebSite\",\"@id\":\"https:\\\/\\\/www.chespa.eu\\\/#website\",\"url\":\"https:\\\/\\\/www.chespa.eu\\\/\",\"name\":\"Chespa - printing inks, clichees, cutting dies\",\"description\":\"\",\"potentialAction\":[{\"@type\":\"SearchAction\",\"target\":{\"@type\":\"EntryPoint\",\"urlTemplate\":\"https:\\\/\\\/www.chespa.eu\\\/?s={search_term_string}\"},\"query-input\":{\"@type\":\"PropertyValueSpecification\",\"valueRequired\":true,\"valueName\":\"search_term_string\"}}],\"inLanguage\":\"ro-RO\"},{\"@type\":\"Person\",\"@id\":\"https:\\\/\\\/www.chespa.eu\\\/#\\\/schema\\\/person\\\/69d79e295412cd5d6b526e8ffb603106\",\"name\":\"Krystyna Pudelko\",\"image\":{\"@type\":\"ImageObject\",\"inLanguage\":\"ro-RO\",\"@id\":\"https:\\\/\\\/secure.gravatar.com\\\/avatar\\\/13d78ccbe400e1d0b076700c503fb71217fbc06f5de0363de32895d422bb3c7b?s=96&d=mm&r=g\",\"url\":\"https:\\\/\\\/secure.gravatar.com\\\/avatar\\\/13d78ccbe400e1d0b076700c503fb71217fbc06f5de0363de32895d422bb3c7b?s=96&d=mm&r=g\",\"contentUrl\":\"https:\\\/\\\/secure.gravatar.com\\\/avatar\\\/13d78ccbe400e1d0b076700c503fb71217fbc06f5de0363de32895d422bb3c7b?s=96&d=mm&r=g\",\"caption\":\"Krystyna Pudelko\"}}]}<\/script>\n<!-- \/ Yoast SEO plugin. -->","yoast_head_json":{"title":"LabelExpo Europe 2025 \u2013 Barcelona - Chespa - printing inks, clichees, cutting dies","robots":{"index":"index","follow":"follow","max-snippet":"max-snippet:-1","max-image-preview":"max-image-preview:large","max-video-preview":"max-video-preview:-1"},"canonical":"https:\/\/www.chespa.eu\/ro\/2025\/09\/10\/labelexpo-europe-2025-barcelona\/","og_locale":"ro_RO","og_type":"article","og_title":"LabelExpo Europe 2025 \u2013 Barcelona - Chespa - printing inks, clichees, cutting dies","og_description":"Stimate Doamne, Stima\u021bi Domni, Avem pl\u0103cerea de a v\u0103 informa c\u0103 compania noastr\u0103 va participa la LabelExpo Europe 2025, care va avea loc \u00een perioada 16\u201319 septembrie 2025, la Fira Barcelona, Gran Via. V\u0103 invit\u0103m cu c\u0103ldur\u0103 s\u0103 vizita\u021bi standul nostru nr. 4A04, unde vom prezenta cele mai noi solu\u021bii, tehnologii \u0219i oferte de produse [&hellip;]","og_url":"https:\/\/www.chespa.eu\/ro\/2025\/09\/10\/labelexpo-europe-2025-barcelona\/","og_site_name":"Chespa - printing inks, clichees, cutting dies","article_published_time":"2025-09-10T08:37:19+00:00","og_image":[{"width":731,"height":82,"url":"https:\/\/www.chespa.eu\/wp-content\/uploads\/2025\/09\/LE25.png","type":"image\/png"}],"author":"Krystyna Pudelko","twitter_card":"summary_large_image","twitter_misc":{"Written by":"Krystyna Pudelko","Est. reading time":"1 minute"},"schema":{"@context":"https:\/\/schema.org","@graph":[{"@type":"Article","@id":"https:\/\/www.chespa.eu\/ro\/2025\/09\/10\/labelexpo-europe-2025-barcelona\/#article","isPartOf":{"@id":"https:\/\/www.chespa.eu\/ro\/2025\/09\/10\/labelexpo-europe-2025-barcelona\/"},"author":{"name":"Krystyna Pudelko","@id":"https:\/\/www.chespa.eu\/#\/schema\/person\/69d79e295412cd5d6b526e8ffb603106"},"headline":"LabelExpo Europe 2025 \u2013 Barcelona","datePublished":"2025-09-10T08:37:19+00:00","mainEntityOfPage":{"@id":"https:\/\/www.chespa.eu\/ro\/2025\/09\/10\/labelexpo-europe-2025-barcelona\/"},"wordCount":110,"image":{"@id":"https:\/\/www.chespa.eu\/ro\/2025\/09\/10\/labelexpo-europe-2025-barcelona\/#primaryimage"},"thumbnailUrl":"https:\/\/www.chespa.eu\/wp-content\/uploads\/2025\/09\/LE25-300x34.png","articleSection":["Aktualno\u015bci"],"inLanguage":"ro-RO"},{"@type":"WebPage","@id":"https:\/\/www.chespa.eu\/ro\/2025\/09\/10\/labelexpo-europe-2025-barcelona\/","url":"https:\/\/www.chespa.eu\/ro\/2025\/09\/10\/labelexpo-europe-2025-barcelona\/","name":"LabelExpo Europe 2025 \u2013 Barcelona - Chespa - printing inks, clichees, cutting dies","isPartOf":{"@id":"https:\/\/www.chespa.eu\/#website"},"primaryImageOfPage":{"@id":"https:\/\/www.chespa.eu\/ro\/2025\/09\/10\/labelexpo-europe-2025-barcelona\/#primaryimage"},"image":{"@id":"https:\/\/www.chespa.eu\/ro\/2025\/09\/10\/labelexpo-europe-2025-barcelona\/#primaryimage"},"thumbnailUrl":"https:\/\/www.chespa.eu\/wp-content\/uploads\/2025\/09\/LE25-300x34.png","datePublished":"2025-09-10T08:37:19+00:00","author":{"@id":"https:\/\/www.chespa.eu\/#\/schema\/person\/69d79e295412cd5d6b526e8ffb603106"},"breadcrumb":{"@id":"https:\/\/www.chespa.eu\/ro\/2025\/09\/10\/labelexpo-europe-2025-barcelona\/#breadcrumb"},"inLanguage":"ro-RO","potentialAction":[{"@type":"ReadAction","target":["https:\/\/www.chespa.eu\/ro\/2025\/09\/10\/labelexpo-europe-2025-barcelona\/"]}]},{"@type":"ImageObject","inLanguage":"ro-RO","@id":"https:\/\/www.chespa.eu\/ro\/2025\/09\/10\/labelexpo-europe-2025-barcelona\/#primaryimage","url":"https:\/\/www.chespa.eu\/wp-content\/uploads\/2025\/09\/LE25-300x34.png","contentUrl":"https:\/\/www.chespa.eu\/wp-content\/uploads\/2025\/09\/LE25-300x34.png"},{"@type":"BreadcrumbList","@id":"https:\/\/www.chespa.eu\/ro\/2025\/09\/10\/labelexpo-europe-2025-barcelona\/#breadcrumb","itemListElement":[{"@type":"ListItem","position":1,"name":"Strona g\u0142\u00f3wna","item":"https:\/\/www.chespa.eu\/"},{"@type":"ListItem","position":2,"name":"LabelExpo Europe 2025 \u2013 Barcelona"}]},{"@type":"WebSite","@id":"https:\/\/www.chespa.eu\/#website","url":"https:\/\/www.chespa.eu\/","name":"Chespa - printing inks, clichees, cutting dies","description":"","potentialAction":[{"@type":"SearchAction","target":{"@type":"EntryPoint","urlTemplate":"https:\/\/www.chespa.eu\/?s={search_term_string}"},"query-input":{"@type":"PropertyValueSpecification","valueRequired":true,"valueName":"search_term_string"}}],"inLanguage":"ro-RO"},{"@type":"Person","@id":"https:\/\/www.chespa.eu\/#\/schema\/person\/69d79e295412cd5d6b526e8ffb603106","name":"Krystyna Pudelko","image":{"@type":"ImageObject","inLanguage":"ro-RO","@id":"https:\/\/secure.gravatar.com\/avatar\/13d78ccbe400e1d0b076700c503fb71217fbc06f5de0363de32895d422bb3c7b?s=96&d=mm&r=g","url":"https:\/\/secure.gravatar.com\/avatar\/13d78ccbe400e1d0b076700c503fb71217fbc06f5de0363de32895d422bb3c7b?s=96&d=mm&r=g","contentUrl":"https:\/\/secure.gravatar.com\/avatar\/13d78ccbe400e1d0b076700c503fb71217fbc06f5de0363de32895d422bb3c7b?s=96&d=mm&r=g","caption":"Krystyna Pudelko"}}]}},"_links":{"self":[{"href":"https:\/\/www.chespa.eu\/ro\/wp-json\/wp\/v2\/posts\/18703","targetHints":{"allow":["GET"]}}],"collection":[{"href":"https:\/\/www.chespa.eu\/ro\/wp-json\/wp\/v2\/posts"}],"about":[{"href":"https:\/\/www.chespa.eu\/ro\/wp-json\/wp\/v2\/types\/post"}],"author":[{"embeddable":true,"href":"https:\/\/www.chespa.eu\/ro\/wp-json\/wp\/v2\/users\/5"}],"replies":[{"embeddable":true,"href":"https:\/\/www.chespa.eu\/ro\/wp-json\/wp\/v2\/comments?post=18703"}],"version-history":[{"count":1,"href":"https:\/\/www.chespa.eu\/ro\/wp-json\/wp\/v2\/posts\/18703\/revisions"}],"predecessor-version":[{"id":18704,"href":"https:\/\/www.chespa.eu\/ro\/wp-json\/wp\/v2\/posts\/18703\/revisions\/18704"}],"wp:attachment":[{"href":"https:\/\/www.chespa.eu\/ro\/wp-json\/wp\/v2\/media?parent=18703"}],"wp:term":[{"taxonomy":"category","embeddable":true,"href":"https:\/\/www.chespa.eu\/ro\/wp-json\/wp\/v2\/categories?post=18703"},{"taxonomy":"post_tag","embeddable":true,"href":"https:\/\/www.chespa.eu\/ro\/wp-json\/wp\/v2\/tags?post=18703"}],"curies":[{"name":"wp","href":"https:\/\/api.w.org\/{rel}","templated":true}]}}